{"id":160,"date":"2024-10-30T12:21:03","date_gmt":"2024-10-30T12:21:03","guid":{"rendered":"https:\/\/mostlydallas.com\/index.php\/2024\/10\/30\/revamped-mavericks-luka-doncic-and-kyrie-irving-lead-dallas-2023-2024-nba-charge\/"},"modified":"2024-10-30T12:21:03","modified_gmt":"2024-10-30T12:21:03","slug":"revamped-mavericks-luka-doncic-and-kyrie-irving-lead-dallas-2023-2024-nba-charge","status":"publish","type":"post","link":"https:\/\/mostlydallas.com\/index.php\/2024\/10\/30\/revamped-mavericks-luka-doncic-and-kyrie-irving-lead-dallas-2023-2024-nba-charge\/","title":{"rendered":"Revamped Mavericks: Luka Don\u010di\u0107 and Kyrie Irving Lead Dallas&#8217; 2023-2024 NBA Charge"},"content":{"rendered":"<p><b>The Dallas Mavericks: Charting a New Course in the 2023-2024 NBA Season<\/b><\/p>\n<p>As the 2023-2024 NBA season unfolds, the Dallas Mavericks are making headlines with their strategic maneuvers and promising dynamics. <\/p>\n<p>Under the astute leadership of head coach Jason Kidd and the visionary ownership of Mark Cuban, the Mavericks are poised to redefine their legacy in the NBA landscape. <\/p>\n<p>The team&#8217;s strategic adjustments, coupled with a fresh blend of talent, make them a team to watch this season.<\/p>\n<p><b>Luka Don\u010di\u0107: The Maverick Maestro<\/b><\/p>\n<p>At the heart of the Mavericks&#8217; strategy is the prodigious Luka Don\u010di\u0107, whose on-court wizardry continues to captivate fans and analysts alike. Entering his sixth NBA season, Don\u010di\u0107 is not only the face of the franchise but an embodiment of its aspirations. His exceptional versatility as a playmaker and scorer provides the Mavericks with a dynamic offensive edge. This season, expectations are set higher than ever, as Don\u010di\u0107 aims to lead his team deep into the playoffs, solidifying his status as one of the league&#8217;s elite.<\/p>\n<p><b>Kyrie Irving: A Catalyst for Change<\/b><\/p>\n<p>The arrival of Kyrie Irving has added an intriguing dimension to the Mavericks&#8217; roster. Known for his extraordinary ball-handling skills and clutch performances, Irving teams up with Don\u010di\u0107 to form one of the most formidable backcourts in the NBA. The synergy between the two superstars will be critical, as they work to establish chemistry and guide the team through the highly competitive Western Conference. <\/p>\n<p>Irving&#8217;s veteran presence and championship experience are invaluable assets for a team with title aspirations.<\/p>\n<p><b>Bolstering the Roster<\/b><\/p>\n<p><img decoding=\"async\" width=\"59%\" src=\"https:\/\/mostlydallas.com\/wp-content\/uploads\/2024\/10\/dallas-mavericks-1730290812735.png\" alt=\"dallas mavericks image\"><\/p>\n<p>In addition to their star duo, the Mavericks have made significant moves to strengthen their roster. The offseason acquisitions have injected depth and versatility into the team. <\/p>\n<p>Rookies and seasoned players alike are stepping up, adding new layers to the Mavericks&#8217; game plan. The emphasis on three-point shooting and defensive tenacity is evident, as the team seeks to balance offensive prowess with a robust defensive strategy.<\/p>\n<p><b>Embracing the New Era<\/b><\/p>\n<p>The 2023-2024 season is pivotal for the Mavericks, as they strive to blend youthful exuberance with seasoned expertise. The team&#8217;s strategy is clear: embrace a fast-paced, high-scoring style while maintaining defensive integrity. <\/p>\n<p>With a revamped roster and renewed focus, the Mavericks are not just contenders\u2014they aim to be dominators.<br \/>As the Dallas Mavericks embark on their journey this season, the excitement among fans and analysts is palpable. With Luka Don\u010di\u0107 leading the charge and Kyrie Irving bringing his unique flair, the team is set to be a major force in the NBA. The Mavericks&#8217; commitment to growth and excellence signals a promising future for the franchise. Whether it results in a championship run remains to be seen, but one thing is certain: the Mavericks are a team on a mission, and the NBA world is keenly watching.<\/p>\n","protected":false},"excerpt":{"rendered":"<p>The Dallas Mavericks: Charting a New Course in the 2023-2024 NBA Season As the 2023-2024 NBA season unfolds, the Dallas Mavericks are making headlines with their strategic maneuvers and promising dynamics. Under the astute leadership of head coach Jason Kidd and the visionary ownership of Mark Cuban, the Mavericks are poised to redefine their legacy&hellip;<\/p>\n","protected":false},"author":1,"featured_media":0,"comment_status":"open","ping_status":"open","sticky":false,"template":"","format":"standard","meta":{"footnotes":""},"categories":[2],"tags":[],"class_list":["post-160","post","type-post","status-publish","format-standard","hentry","category-dallas-mavericks"],"yoast_head":"<!-- This site is optimized with the Yoast SEO plugin v23.0 - https:\/\/yoast.com\/wordpress\/plugins\/seo\/ -->\n<title>Revamped Mavericks: Luka Don\u010di\u0107 and Kyrie Irving Lead Dallas&#039; 2023-2024 NBA Charge - Mostly Dallas<\/title>\n<meta name=\"robots\" content=\"index, follow, max-snippet:-1, max-image-preview:large, max-video-preview:-1\" \/>\n<link rel=\"canonical\" href=\"https:\/\/mostlydallas.com\/index.php\/2024\/10\/30\/revamped-mavericks-luka-doncic-and-kyrie-irving-lead-dallas-2023-2024-nba-charge\/\" \/>\n<meta property=\"og:locale\" content=\"en_US\" \/>\n<meta property=\"og:type\" content=\"article\" \/>\n<meta property=\"og:title\" content=\"Revamped Mavericks: Luka Don\u010di\u0107 and Kyrie Irving Lead Dallas&#039; 2023-2024 NBA Charge - Mostly Dallas\" \/>\n<meta property=\"og:description\" content=\"The Dallas Mavericks: Charting a New Course in the 2023-2024 NBA Season As the 2023-2024 NBA season unfolds, the Dallas Mavericks are making headlines with their strategic maneuvers and promising dynamics. Under the astute leadership of head coach Jason Kidd and the visionary ownership of Mark Cuban, the Mavericks are poised to redefine their legacy&hellip;\" \/>\n<meta property=\"og:url\" content=\"https:\/\/mostlydallas.com\/index.php\/2024\/10\/30\/revamped-mavericks-luka-doncic-and-kyrie-irving-lead-dallas-2023-2024-nba-charge\/\" \/>\n<meta property=\"og:site_name\" content=\"Mostly Dallas\" \/>\n<meta property=\"article:published_time\" content=\"2024-10-30T12:21:03+00:00\" \/>\n<meta property=\"og:image\" content=\"https:\/\/mostlydallas.com\/wp-content\/uploads\/2024\/10\/dallas-mavericks-1730290812735.png\" \/>\n<meta name=\"author\" content=\"admin\" \/>\n<meta name=\"twitter:card\" content=\"summary_large_image\" \/>\n<meta name=\"twitter:label1\" content=\"Written by\" \/>\n\t<meta name=\"twitter:data1\" content=\"admin\" \/>\n\t<meta name=\"twitter:label2\" content=\"Est. reading time\" \/>\n\t<meta name=\"twitter:data2\" content=\"2 minutes\" \/>\n<script type=\"application\/ld+json\" class=\"yoast-schema-graph\">{\"@context\":\"https:\/\/schema.org\",\"@graph\":[{\"@type\":\"WebPage\",\"@id\":\"https:\/\/mostlydallas.com\/index.php\/2024\/10\/30\/revamped-mavericks-luka-doncic-and-kyrie-irving-lead-dallas-2023-2024-nba-charge\/\",\"url\":\"https:\/\/mostlydallas.com\/index.php\/2024\/10\/30\/revamped-mavericks-luka-doncic-and-kyrie-irving-lead-dallas-2023-2024-nba-charge\/\",\"name\":\"Revamped Mavericks: Luka Don\u010di\u0107 and Kyrie Irving Lead Dallas' 2023-2024 NBA Charge - Mostly Dallas\",\"isPartOf\":{\"@id\":\"https:\/\/mostlydallas.com\/#website\"},\"primaryImageOfPage\":{\"@id\":\"https:\/\/mostlydallas.com\/index.php\/2024\/10\/30\/revamped-mavericks-luka-doncic-and-kyrie-irving-lead-dallas-2023-2024-nba-charge\/#primaryimage\"},\"image\":{\"@id\":\"https:\/\/mostlydallas.com\/index.php\/2024\/10\/30\/revamped-mavericks-luka-doncic-and-kyrie-irving-lead-dallas-2023-2024-nba-charge\/#primaryimage\"},\"thumbnailUrl\":\"https:\/\/mostlydallas.com\/wp-content\/uploads\/2024\/10\/dallas-mavericks-1730290812735.png\",\"datePublished\":\"2024-10-30T12:21:03+00:00\",\"dateModified\":\"2024-10-30T12:21:03+00:00\",\"author\":{\"@id\":\"https:\/\/mostlydallas.com\/#\/schema\/person\/13c66e5fb14d28e00e5aeb7e5261a444\"},\"breadcrumb\":{\"@id\":\"https:\/\/mostlydallas.com\/index.php\/2024\/10\/30\/revamped-mavericks-luka-doncic-and-kyrie-irving-lead-dallas-2023-2024-nba-charge\/#breadcrumb\"},\"inLanguage\":\"en-US\",\"potentialAction\":[{\"@type\":\"ReadAction\",\"target\":[\"https:\/\/mostlydallas.com\/index.php\/2024\/10\/30\/revamped-mavericks-luka-doncic-and-kyrie-irving-lead-dallas-2023-2024-nba-charge\/\"]}]},{\"@type\":\"ImageObject\",\"inLanguage\":\"en-US\",\"@id\":\"https:\/\/mostlydallas.com\/index.php\/2024\/10\/30\/revamped-mavericks-luka-doncic-and-kyrie-irving-lead-dallas-2023-2024-nba-charge\/#primaryimage\",\"url\":\"https:\/\/mostlydallas.com\/wp-content\/uploads\/2024\/10\/dallas-mavericks-1730290812735.png\",\"contentUrl\":\"https:\/\/mostlydallas.com\/wp-content\/uploads\/2024\/10\/dallas-mavericks-1730290812735.png\",\"width\":1024,\"height\":1792,\"caption\":\"dallas mavericks\"},{\"@type\":\"BreadcrumbList\",\"@id\":\"https:\/\/mostlydallas.com\/index.php\/2024\/10\/30\/revamped-mavericks-luka-doncic-and-kyrie-irving-lead-dallas-2023-2024-nba-charge\/#breadcrumb\",\"itemListElement\":[{\"@type\":\"ListItem\",\"position\":1,\"name\":\"Home\",\"item\":\"https:\/\/mostlydallas.com\/\"},{\"@type\":\"ListItem\",\"position\":2,\"name\":\"Revamped Mavericks: Luka Don\u010di\u0107 and Kyrie Irving Lead Dallas&#8217; 2023-2024 NBA Charge\"}]},{\"@type\":\"WebSite\",\"@id\":\"https:\/\/mostlydallas.com\/#website\",\"url\":\"https:\/\/mostlydallas.com\/\",\"name\":\"Mostly Dallas\",\"description\":\"\",\"potentialAction\":[{\"@type\":\"SearchAction\",\"target\":{\"@type\":\"EntryPoint\",\"urlTemplate\":\"https:\/\/mostlydallas.com\/?s={search_term_string}\"},\"query-input\":\"required name=search_term_string\"}],\"inLanguage\":\"en-US\"},{\"@type\":\"Person\",\"@id\":\"https:\/\/mostlydallas.com\/#\/schema\/person\/13c66e5fb14d28e00e5aeb7e5261a444\",\"name\":\"admin\",\"image\":{\"@type\":\"ImageObject\",\"inLanguage\":\"en-US\",\"@id\":\"https:\/\/mostlydallas.com\/#\/schema\/person\/image\/\",\"url\":\"https:\/\/secure.gravatar.com\/avatar\/634e446c2fcb7042105ee9e4c49e1d6127ead4f1914b2b17be141fe184db0e10?s=96&d=mm&r=g\",\"contentUrl\":\"https:\/\/secure.gravatar.com\/avatar\/634e446c2fcb7042105ee9e4c49e1d6127ead4f1914b2b17be141fe184db0e10?s=96&d=mm&r=g\",\"caption\":\"admin\"},\"sameAs\":[\"https:\/\/mostlydallas.com\"],\"url\":\"https:\/\/mostlydallas.com\/index.php\/author\/admin_5hs2h9aa\/\"}]}<\/script>\n<!-- \/ Yoast SEO plugin. -->","yoast_head_json":{"title":"Revamped Mavericks: Luka Don\u010di\u0107 and Kyrie Irving Lead Dallas' 2023-2024 NBA Charge - Mostly Dallas","robots":{"index":"index","follow":"follow","max-snippet":"max-snippet:-1","max-image-preview":"max-image-preview:large","max-video-preview":"max-video-preview:-1"},"canonical":"https:\/\/mostlydallas.com\/index.php\/2024\/10\/30\/revamped-mavericks-luka-doncic-and-kyrie-irving-lead-dallas-2023-2024-nba-charge\/","og_locale":"en_US","og_type":"article","og_title":"Revamped Mavericks: Luka Don\u010di\u0107 and Kyrie Irving Lead Dallas' 2023-2024 NBA Charge - Mostly Dallas","og_description":"The Dallas Mavericks: Charting a New Course in the 2023-2024 NBA Season As the 2023-2024 NBA season unfolds, the Dallas Mavericks are making headlines with their strategic maneuvers and promising dynamics. Under the astute leadership of head coach Jason Kidd and the visionary ownership of Mark Cuban, the Mavericks are poised to redefine their legacy&hellip;","og_url":"https:\/\/mostlydallas.com\/index.php\/2024\/10\/30\/revamped-mavericks-luka-doncic-and-kyrie-irving-lead-dallas-2023-2024-nba-charge\/","og_site_name":"Mostly Dallas","article_published_time":"2024-10-30T12:21:03+00:00","og_image":[{"url":"https:\/\/mostlydallas.com\/wp-content\/uploads\/2024\/10\/dallas-mavericks-1730290812735.png"}],"author":"admin","twitter_card":"summary_large_image","twitter_misc":{"Written by":"admin","Est. reading time":"2 minutes"},"schema":{"@context":"https:\/\/schema.org","@graph":[{"@type":"WebPage","@id":"https:\/\/mostlydallas.com\/index.php\/2024\/10\/30\/revamped-mavericks-luka-doncic-and-kyrie-irving-lead-dallas-2023-2024-nba-charge\/","url":"https:\/\/mostlydallas.com\/index.php\/2024\/10\/30\/revamped-mavericks-luka-doncic-and-kyrie-irving-lead-dallas-2023-2024-nba-charge\/","name":"Revamped Mavericks: Luka Don\u010di\u0107 and Kyrie Irving Lead Dallas' 2023-2024 NBA Charge - Mostly Dallas","isPartOf":{"@id":"https:\/\/mostlydallas.com\/#website"},"primaryImageOfPage":{"@id":"https:\/\/mostlydallas.com\/index.php\/2024\/10\/30\/revamped-mavericks-luka-doncic-and-kyrie-irving-lead-dallas-2023-2024-nba-charge\/#primaryimage"},"image":{"@id":"https:\/\/mostlydallas.com\/index.php\/2024\/10\/30\/revamped-mavericks-luka-doncic-and-kyrie-irving-lead-dallas-2023-2024-nba-charge\/#primaryimage"},"thumbnailUrl":"https:\/\/mostlydallas.com\/wp-content\/uploads\/2024\/10\/dallas-mavericks-1730290812735.png","datePublished":"2024-10-30T12:21:03+00:00","dateModified":"2024-10-30T12:21:03+00:00","author":{"@id":"https:\/\/mostlydallas.com\/#\/schema\/person\/13c66e5fb14d28e00e5aeb7e5261a444"},"breadcrumb":{"@id":"https:\/\/mostlydallas.com\/index.php\/2024\/10\/30\/revamped-mavericks-luka-doncic-and-kyrie-irving-lead-dallas-2023-2024-nba-charge\/#breadcrumb"},"inLanguage":"en-US","potentialAction":[{"@type":"ReadAction","target":["https:\/\/mostlydallas.com\/index.php\/2024\/10\/30\/revamped-mavericks-luka-doncic-and-kyrie-irving-lead-dallas-2023-2024-nba-charge\/"]}]},{"@type":"ImageObject","inLanguage":"en-US","@id":"https:\/\/mostlydallas.com\/index.php\/2024\/10\/30\/revamped-mavericks-luka-doncic-and-kyrie-irving-lead-dallas-2023-2024-nba-charge\/#primaryimage","url":"https:\/\/mostlydallas.com\/wp-content\/uploads\/2024\/10\/dallas-mavericks-1730290812735.png","contentUrl":"https:\/\/mostlydallas.com\/wp-content\/uploads\/2024\/10\/dallas-mavericks-1730290812735.png","width":1024,"height":1792,"caption":"dallas mavericks"},{"@type":"BreadcrumbList","@id":"https:\/\/mostlydallas.com\/index.php\/2024\/10\/30\/revamped-mavericks-luka-doncic-and-kyrie-irving-lead-dallas-2023-2024-nba-charge\/#breadcrumb","itemListElement":[{"@type":"ListItem","position":1,"name":"Home","item":"https:\/\/mostlydallas.com\/"},{"@type":"ListItem","position":2,"name":"Revamped Mavericks: Luka Don\u010di\u0107 and Kyrie Irving Lead Dallas&#8217; 2023-2024 NBA Charge"}]},{"@type":"WebSite","@id":"https:\/\/mostlydallas.com\/#website","url":"https:\/\/mostlydallas.com\/","name":"Mostly Dallas","description":"","potentialAction":[{"@type":"SearchAction","target":{"@type":"EntryPoint","urlTemplate":"https:\/\/mostlydallas.com\/?s={search_term_string}"},"query-input":"required name=search_term_string"}],"inLanguage":"en-US"},{"@type":"Person","@id":"https:\/\/mostlydallas.com\/#\/schema\/person\/13c66e5fb14d28e00e5aeb7e5261a444","name":"admin","image":{"@type":"ImageObject","inLanguage":"en-US","@id":"https:\/\/mostlydallas.com\/#\/schema\/person\/image\/","url":"https:\/\/secure.gravatar.com\/avatar\/634e446c2fcb7042105ee9e4c49e1d6127ead4f1914b2b17be141fe184db0e10?s=96&d=mm&r=g","contentUrl":"https:\/\/secure.gravatar.com\/avatar\/634e446c2fcb7042105ee9e4c49e1d6127ead4f1914b2b17be141fe184db0e10?s=96&d=mm&r=g","caption":"admin"},"sameAs":["https:\/\/mostlydallas.com"],"url":"https:\/\/mostlydallas.com\/index.php\/author\/admin_5hs2h9aa\/"}]}},"_links":{"self":[{"href":"https:\/\/mostlydallas.com\/index.php\/wp-json\/wp\/v2\/posts\/160","targetHints":{"allow":["GET"]}}],"collection":[{"href":"https:\/\/mostlydallas.com\/index.php\/wp-json\/wp\/v2\/posts"}],"about":[{"href":"https:\/\/mostlydallas.com\/index.php\/wp-json\/wp\/v2\/types\/post"}],"author":[{"embeddable":true,"href":"https:\/\/mostlydallas.com\/index.php\/wp-json\/wp\/v2\/users\/1"}],"replies":[{"embeddable":true,"href":"https:\/\/mostlydallas.com\/index.php\/wp-json\/wp\/v2\/comments?post=160"}],"version-history":[{"count":0,"href":"https:\/\/mostlydallas.com\/index.php\/wp-json\/wp\/v2\/posts\/160\/revisions"}],"wp:attachment":[{"href":"https:\/\/mostlydallas.com\/index.php\/wp-json\/wp\/v2\/media?parent=160"}],"wp:term":[{"taxonomy":"category","embeddable":true,"href":"https:\/\/mostlydallas.com\/index.php\/wp-json\/wp\/v2\/categories?post=160"},{"taxonomy":"post_tag","embeddable":true,"href":"https:\/\/mostlydallas.com\/index.php\/wp-json\/wp\/v2\/tags?post=160"}],"curies":[{"name":"wp","href":"https:\/\/api.w.org\/{rel}","templated":true}]}}